{"id":1299,"date":"2019-10-17T10:07:12","date_gmt":"2019-10-17T08:07:12","guid":{"rendered":"http:\/\/iuexterior.org\/?p=1299"},"modified":"2020-04-30T10:30:46","modified_gmt":"2020-04-30T08:30:46","slug":"luxemburgo-leipzig-berlin-y-bruselas-preparan-la-campana-electoral-como-unidas-podemos","status":"publish","type":"post","link":"http:\/\/iuexterior.org\/ca\/2019\/10\/17\/luxemburgo-leipzig-berlin-y-bruselas-preparan-la-campana-electoral-como-unidas-podemos\/","title":{"rendered":"Luxemburgo, Leipzig, Berl\u00edn y Bruselas preparan la campa\u00f1a electoral como Unidas Podemos"},"content":{"rendered":"<p class=\"has-medium-font-size wp-block-paragraph\">Las asambleas de IU y Podemos en el Exterior comienzan a organizarse de forma confluyente para afrontar la pr\u00f3xima cita electoral ante retos como el voto rogado o las problem\u00e1ticas propias de la emigraci\u00f3n.<\/p>\n\n\n\n<p class=\"wp-block-paragraph\">Desde este<strong> jueves, 17 de octubre<\/strong>, y hasta el pr\u00f3ximo <strong>domingo 27<\/strong>, las asambleas, c\u00edrculos y militancia dispersa de <strong>Izquierda Unida<\/strong> (IU) y <strong>Podemos <\/strong>en el Exterior en <strong>Luxemburgo<\/strong>, <strong>Leipzig<\/strong>, <strong>Berl\u00edn <\/strong>y <strong>Bruselas <\/strong>han comenzado a organizarse a nivel local para afrontar la pr\u00f3xima campa\u00f1a electoral, que dar\u00e1 comienzo el pr\u00f3ximo 1 de noviembre, con una duraci\u00f3n de solo ocho d\u00edas. De cara a las elecciones generales del pr\u00f3ximo 10 de noviembre, la ciudadan\u00eda se enfrenta a retos como las dificultades para ejercer el voto, debido a la aplicaci\u00f3n del sistema de voto rogado.<\/p>\n\n\n\n<p class=\"wp-block-paragraph\">La primera cita tendr\u00e1 lugar este <strong>jueves, 17 de octubre<\/strong>, en <strong>Luxemburgo<\/strong>, donde militantes de <strong>IU<\/strong>, <strong>Podemos<\/strong> y simpatizantes de <strong>Unidas Podemos<\/strong> mantendr\u00e1n un encuentro para abordar las distintas problem\u00e1ticas que afectan a la emigraci\u00f3n y se trazar\u00e1n las distintas estrategias de cara a la realizaci\u00f3n de una campa\u00f1a electoral conjunta. Ser\u00e1 <strong>a las 19:00 horas<\/strong> en el Comit\u00e9 de liaison des associations d&#8217;\u00e9trangers (<strong>CLAE, 26 rue de Gasperich<\/strong>, <strong>Luxemburgo<\/strong>).<\/p>\n\n\n\n<p class=\"wp-block-paragraph\">La siguiente tendr\u00e1 lugar este <strong>viernes, 18 de octubre<\/strong>, en <strong>Leipzig<\/strong>, donde compa\u00f1eras y compa\u00f1eros de IU y Podemos en Leipzig celebrar\u00e1n una asamblea abierta. Ser\u00e1 <strong>a las 18:00 horas en Interim (<a href=\"https:\/\/www.facebook.com\/events\/1133159923738569\/\">Demmeringstra\u00dfe 32, Leipzig<\/a>)<\/strong>.<\/p>\n\n\n\n<p class=\"wp-block-paragraph\">Desde <strong>Berl\u00edn<\/strong>, las compa\u00f1eras y compa\u00f1eras de IU y Podemos convocan tambi\u00e9n un acto dirigido a los espa\u00f1oles y espa\u00f1olas residentes en Berl\u00edn, donde tratar\u00e1n las problem\u00e1ticas de la emigraci\u00f3n y se presentar\u00e1n las propuestas de Unidas Podemos de cara al exterior.  Ser\u00e1 el <strong>s\u00e1bado, 26 de octubre, a las 18 horas<\/strong>, en el <strong>Caf\u00e9 Madame (Mehringpl. 10, 10969)<\/strong>, bajo el t\u00edtulo <em><strong>\u00bfPor qu\u00e9 volver a votar el 10N? La izquierda ante las pr\u00f3ximas elecciones<\/strong><\/em>.<\/p>\n\n\n\n<p class=\"wp-block-paragraph\">Por \u00faltimo, desde Bruselas, <strong>IU y Podemos<\/strong> celebrar\u00e1n el pr\u00f3ximo <strong>27 de octubre<\/strong> un evento de confraternizaci\u00f3n al que invitan a toda la ciudadan\u00eda espa\u00f1ola emigrada a la capital belga.<\/p>\n\n\n\n<h3 class=\"wp-block-heading\">Hasta el 19 de octubre para rogar el voto<\/h3>\n\n\n\n<p class=\"wp-block-paragraph\"><strong>IU Exterior<\/strong> recuerda a la ciudadan\u00eda espa\u00f1ola en el exterior que este <strong>s\u00e1bado, 19 de octubre<\/strong>, finaliza el plazo para solicitar el voto desde el exterior, ya sea el caso de los y las residentes permanentes (CERA, o en caso de cambio de domicilio en el censo electoral, en cuyo caso puedes hacerlo&nbsp;<a rel=\"noreferrer noopener\" href=\"https:\/\/sede.ine.gob.es\/votoCorreoCera\/0000393\/\" target=\"_blank\">por internet<\/a>) o temporal (ERTA). En esta \u00faltima situaci\u00f3n, a\u00fan existe la posibilidad de inscribirse presencialmente en el consulado y solicitar el env\u00edo de las papeletas de voto para ejercer este derecho.<\/p>\n\n\n\n<p class=\"wp-block-paragraph\">La federaci\u00f3n de IU en el Exterior recomienda <a rel=\"noreferrer noopener\" href=\"https:\/\/mareagranate.org\/2019\/09\/kit-voto-exterior-10n2019\/\" target=\"_blank\">consultar la web de Marea Granate<\/a>&nbsp;para tener toda la informaci\u00f3n sobre el proceso, as\u00ed como la web del consulado correspondiente a cada demarcaci\u00f3n consular.<\/p>\n\n\n\n<h3 class=\"wp-block-heading\">Sobre IU Exterior<\/h3>\n\n\n\n<p class=\"wp-block-paragraph\">La&nbsp;<strong>Federaci\u00f3n del Exterior de Izquierda Unida<\/strong>&nbsp;<a href=\"http:\/\/iuexterior.org\/ca\/2017\/04\/30\/la-federacion-del-exterior-de-iu-nace-para-movilizar-politicamente-a-la-emigracion-espanola\/\">naci\u00f3 en abril de 2017<\/a>&nbsp;para movilizar pol\u00edticamente a la emigraci\u00f3n espa\u00f1ola y darle voz a sus reivindicaciones. Actualmente contamos con asambleas estables en&nbsp;<a href=\"https:\/\/www.facebook.com\/IUBruselas\/\">Bruselas<\/a>, B\u00e9lgica;&nbsp;<a href=\"https:\/\/www.facebook.com\/iuberlin\/\">Berl\u00edn<\/a>&nbsp;y&nbsp;<a href=\"https:\/\/www.facebook.com\/iufrankfurt\/\">Frankfurt<\/a>, en Alemania;&nbsp;<a href=\"https:\/\/www.facebook.com\/IzquierdaUnidaLuxemburgo\/\">Luxemburgo<\/a>;&nbsp;<a href=\"https:\/\/www.facebook.com\/IUZurich\/\">Z\u00farich<\/a>, en Suiza; en&nbsp;<a href=\"https:\/\/www.facebook.com\/izquierdaunidalyon\/\">Lyon<\/a>&nbsp;y&nbsp;<a href=\"https:\/\/www.facebook.com\/IUToulouse\/\">Toulouse<\/a>, en Francia; y en&nbsp;<a href=\"https:\/\/www.facebook.com\/iuBuenosAires\/\">Buenos Aires<\/a>, Argentina.<\/p>","protected":false},"excerpt":{"rendered":"<p>Las asambleas de IU y Podemos en el Exterior comienzan a organizarse de forma confluyente para afrontar la pr\u00f3xima cita electoral ante retos como el voto rogado o las problem\u00e1ticas &hellip;<\/p>","protected":false},"author":2,"featured_media":1269,"comment_status":"closed","ping_status":"closed","sticky":false,"template":"","format":"standard","meta":{"wds_primary_category":0,"footnotes":""},"categories":[110,1,25,8,27,28,26,111],"tags":[],"class_list":["post-1299","post","type-post","status-publish","format-standard","has-post-thumbnail","","category-acciones","category-actualidad","category-asambleas","category-destacado","category-iu-berlin","category-iu-bruselas","category-iu-luxemburgo","category-voto-rogado"],"_links":{"self":[{"href":"http:\/\/iuexterior.org\/ca\/wp-json\/wp\/v2\/posts\/1299","targetHints":{"allow":["GET"]}}],"collection":[{"href":"http:\/\/iuexterior.org\/ca\/wp-json\/wp\/v2\/posts"}],"about":[{"href":"http:\/\/iuexterior.org\/ca\/wp-json\/wp\/v2\/types\/post"}],"author":[{"embeddable":true,"href":"http:\/\/iuexterior.org\/ca\/wp-json\/wp\/v2\/users\/2"}],"replies":[{"embeddable":true,"href":"http:\/\/iuexterior.org\/ca\/wp-json\/wp\/v2\/comments?post=1299"}],"version-history":[{"count":4,"href":"http:\/\/iuexterior.org\/ca\/wp-json\/wp\/v2\/posts\/1299\/revisions"}],"predecessor-version":[{"id":1308,"href":"http:\/\/iuexterior.org\/ca\/wp-json\/wp\/v2\/posts\/1299\/revisions\/1308"}],"wp:featuredmedia":[{"embeddable":true,"href":"http:\/\/iuexterior.org\/ca\/wp-json\/wp\/v2\/media\/1269"}],"wp:attachment":[{"href":"http:\/\/iuexterior.org\/ca\/wp-json\/wp\/v2\/media?parent=1299"}],"wp:term":[{"taxonomy":"category","embeddable":true,"href":"http:\/\/iuexterior.org\/ca\/wp-json\/wp\/v2\/categories?post=1299"},{"taxonomy":"post_tag","embeddable":true,"href":"http:\/\/iuexterior.org\/ca\/wp-json\/wp\/v2\/tags?post=1299"}],"curies":[{"name":"wp","href":"https:\/\/api.w.org\/{rel}","templated":true}]}}