{"id":1133,"date":"2019-03-28T10:50:53","date_gmt":"2019-03-28T09:50:53","guid":{"rendered":"http:\/\/iuexterior.org\/?p=1133"},"modified":"2020-04-30T09:19:00","modified_gmt":"2020-04-30T07:19:00","slug":"una-delegacion-de-iu-exterior-visita-holanda-para-conocer-los-problemas-de-la-emigracion-espanola-en-las-ett","status":"publish","type":"post","link":"http:\/\/iuexterior.org\/ca\/2019\/03\/28\/una-delegacion-de-iu-exterior-visita-holanda-para-conocer-los-problemas-de-la-emigracion-espanola-en-las-ett\/","title":{"rendered":"Una delegaci\u00f3n de IU Exterior visita Holanda para conocer los problemas de la emigraci\u00f3n espa\u00f1ola en las ETT"},"content":{"rendered":"<p class=\"has-medium-font-size wp-block-paragraph\">Eduardo Vel\u00e1zquez, coportavoz de IU Exterior, se desplazar\u00e1 hasta el campamento de Droomgaard, donde viven y trabajan en precariedad decenas de personas de origen espa\u00f1ol con condiciones laborales cercanas a la semiesclavitud.<\/p>\n\n\n\n<p class=\"wp-block-paragraph\">Una delegaci\u00f3n de la federaci\u00f3n de <strong>Izquierda Unida<\/strong> en el Exterior (<strong>IU Exterior<\/strong>) formada por su <strong>coportavoz y <a href=\"http:\/\/iuexterior.org\/ca\/2019\/03\/25\/eduardo-velazquez-candidato-de-iu-al-senado-por-palencia-en-unidas-podemos\/\">candidato al Senado por Palencia<\/a>, Eduardo Vel\u00e1zquez<\/strong>, y los <strong>corresponsables de Comunicaci\u00f3n de la federaci\u00f3n, Alicia Gab\u00e1n y Juan Blanco<\/strong>, acudir\u00e1n <strong>del 29 al 31 de marzo a los Pa\u00edses Bajos<\/strong> para conocer de cerca los problemas que afectan a trabajadores y trabajadoras de or\u00edgen espa\u00f1ol en empresas de trabajo temporal (ETT).<\/p>\n\n\n\n<p class=\"wp-block-paragraph\">El informe <em><a href=\"http:\/\/www.1mayo.ccoo.es\/69654ab3833c83ce2d76670d328f3638000001.pdf\">Trabajar en Holanda<\/a><\/em>, publicado en 2017 por CCOO, destapa numerosos casos de explotaci\u00f3n laboral en ETTs de los Pa\u00edses Bajos, principalmente en el \u00e1mbito de la log\u00edstica. El informe ilustra incluso <a href=\"http:\/\/iuexterior.org\/ca\/2018\/04\/02\/pagar-por-trabajar-en-holanda-articulo-de-eduardo-velazquez-gonzalo-gomez-y-cristian-bailen\/\">condiciones de semiesclavitud<\/a>, con contratos de \u201ccero horas\u201d frecuentes y n\u00f3minas que en algunos casos terminan siendo negativas. Las trabajadoras se alojan en campamentos improvisados, con habituales visitas de la polic\u00eda y casos de extorsi\u00f3n. <\/p>\n\n\n\n<figure class=\"wp-block-embed-wordpress wp-block-embed is-type-wp-embed is-provider-izquierda-unida-en-el-exterior\"><div class=\"wp-block-embed__wrapper\">\n<blockquote class=\"wp-embedded-content\" data-secret=\"G0HYrZKIH2\"><a href=\"https:\/\/iuexterior.org\/ca\/2018\/04\/02\/pagar-por-trabajar-en-holanda-articulo-de-eduardo-velazquez-gonzalo-gomez-y-cristian-bailen\/\">\u00abPagar por trabajar en Holanda\u00bb, art\u00edculo de Eduardo Vel\u00e1zquez, Gonzalo G\u00f3mez y Cristian Bail\u00e9n<\/a><\/blockquote><iframe loading=\"lazy\" class=\"wp-embedded-content\" sandbox=\"allow-scripts\" security=\"restricted\" style=\"position: absolute; visibility: hidden;\" title=\"\u00ab\u00abPagar por trabajar en Holanda\u00bb, art\u00edculo de Eduardo Vel\u00e1zquez, Gonzalo G\u00f3mez y Cristian Bail\u00e9n\u00bb \u2014 Federaci\u00f3n de Izquierda Unida en el Exterior (IU Exterior)\" src=\"https:\/\/iuexterior.org\/2018\/04\/02\/pagar-por-trabajar-en-holanda-articulo-de-eduardo-velazquez-gonzalo-gomez-y-cristian-bailen\/embed\/#?secret=Nla32GQ5K3#?secret=G0HYrZKIH2\" data-secret=\"G0HYrZKIH2\" width=\"600\" height=\"338\" frameborder=\"0\" marginwidth=\"0\" marginheight=\"0\" scrolling=\"no\"><\/iframe>\n<\/div><\/figure>\n\n\n\n<p class=\"wp-block-paragraph\"><em>\u00abDesde IU Exterior venimos denunciando esta situaci\u00f3n sin que hasta ahora el Gobierno haya tomado cartas en el asunto\u00bb<\/em>, denuncia <strong>Vel\u00e1zquez<\/strong>. <em>\u00abEsperamos que con nuestra visita consigamos ayudar a las personas afectadas a organizarse para seguir canalizando el conflicto en las instituciones y darle la mayor visibilidad a sus demandas\u00bb<\/em>.<\/p>\n\n\n\n<p class=\"wp-block-paragraph\">A iniciativa de <strong>IU Exterior<\/strong>, el diputado de <strong>IU<\/strong> <strong>Miguel \u00c1ngel Bustamante<\/strong> pregunt\u00f3 al Ejecutivo de Rajoy sobre esta problem\u00e1tica <a href=\"http:\/\/iuexterior.org\/ca\/2018\/01\/24\/iu-exterior-denuncia-en-el-congreso-la-explotacion-de-trabajadoras-y-trabajadores-espanoles-en-holanda\/\">a comienzos de 2018 en sesi\u00f3n parlamentaria<\/a>. Posteriormente, <a href=\"http:\/\/iuexterior.org\/ca\/2018\/03\/17\/el-gobierno-reconoce-a-iu-abusos-de-las-ett-con-trabajadores-espanoles-en-holanda-pero-no-ofrece-soluciones\/\">el Gobierno del Partido Popular reconoci\u00f3 por escrito los abusos e irregularidades<\/a> a las que se enfrentan los y las trabajadoras desplazadas en el extranjero. Sin embargo, desde Moncloa se mostraron satisfechos con la respuesta que se da a los afectados y no ofrecieron alternativa alguna para erradicar los problemas identificados.<br> <\/p>\n\n\n\n<iframe loading=\"lazy\" src=\"https:\/\/www.facebook.com\/plugins\/video.php?href=https%3A%2F%2Fwww.facebook.com%2FIUExterior%2Fvideos%2F205711769992698%2F&amp;show_text=1&amp;width=476\" width=\"476\" height=\"688\" style=\"border:none;overflow:hidden\" scrolling=\"no\" frameborder=\"0\" allowtransparency=\"true\" allow=\"encrypted-media\" allowfullscreen=\"true\"><\/iframe>\n\n\n\n<p class=\"has-medium-font-size wp-block-paragraph\">Encuentros con militantes y simpatizantes de IU<\/p>\n\n\n\n<p class=\"wp-block-paragraph\">Adem\u00e1s de conocer sobre el terreno las condiciones en las que viven y trabajan estas personas, la delegaci\u00f3n de <strong>IU Exterior<\/strong> mantendr\u00e1 reuniones con miembros del <strong>Consejo de Residentes Espa\u00f1oles (CRE) de Pa\u00edses Bajos<\/strong>, responsables de la oficina de la <strong>Consejer\u00eda de Trabajo, Migraciones y Seguridad Social en La Haya<\/strong> y abogadas laboralistas.<\/p>\n\n\n\n<p class=\"wp-block-paragraph\">Los miembros de la direcci\u00f3n de <strong>IU Exterior<\/strong> mantendr\u00e1n adem\u00e1s encuentros abiertos con simpatizantes para escuchar y compartir experiencias e inquietudes que afectan a la emigraci\u00f3n, como el voto rogado o las pr\u00f3ximas Elecciones Generales del 28 de abril. <\/p>\n\n\n\n<p class=\"wp-block-paragraph\">El primero de ellos tendr\u00e1 lugar el <a href=\"https:\/\/www.facebook.com\/events\/2271396646217068\/?acontext=%7B%22ref%22%3A%223%22%2C%22ref_newsfeed_story_type%22%3A%22regular%22%2C%22action_history%22%3A%22%5B%7B%5C%22surface%5C%22%3A%5C%22newsfeed%5C%22%2C%5C%22mechanism%5C%22%3A%5C%22feed_story%5C%22%2C%5C%22extra_data%5C%22%3A%5B%5D%7D%5D%22%7D&amp;__xts__%5B0%5D=68.ARBxpo-Ja7VIwVvN9-C3iDrlUlqT9df4SRju5DPhAzFjR-4XFrmVBHGzuOU7b9BFpsAfKgZfli0WjGRQwWzZYvBED3FZZD5at6VJCeylHiTTwj-HgQEV7pc2ISzEmmZ_-FLX8ABmf3kgaYGZmEWjsKPJMoexKjsWljSSKO-TEUbzc7e-PvoaPG_8gQFaUn1tuIKq2PsjTim0IXltvzLi-3EHeeO3xDLgGUWqsNkWwUPAunbiexrc5FnfEIFCEjOa5nFGkTvYdlsFV1zuC49_FQQN&amp;__tn__=HH-R\">viernes, 29 de marzo, a las 20:30 horas en \u00c1msterdam<\/a> (De Biertuin, Linnaeusstraat 29) a las 20:30 de la tarde. Al d\u00eda siguiente, s\u00e1bado 30 de marzo, <a href=\"https:\/\/www.facebook.com\/events\/396963604471451\/\">el encuentro tendr\u00e1 lugar a las 18:00 horas en Tilburg<\/a> (Caf\u00e9-wijnbar Heuvel15, Heuvel 15).<\/p>\n\n\n\n<p class=\"wp-block-paragraph\">Los responsables de <strong>IU Exterior<\/strong> cubrir\u00e1n la visita en redes sociales con el hashtag <strong><a href=\"https:\/\/twitter.com\/search?f=tweets&amp;vertical=default&amp;q=%23HolandaETT\">#HolandaETT<\/a><\/strong> y recopilar\u00e1n material audiovisual de su visita para darle posteriormente visibilidad al conflicto.<\/p>\n\n\n\n<figure class=\"wp-block-embed-wordpress wp-block-embed is-type-wp-embed is-provider-izquierda-unida-en-el-exterior\"><div class=\"wp-block-embed__wrapper\">\n<blockquote class=\"wp-embedded-content\" data-secret=\"Z3wKkTEDJp\"><a href=\"https:\/\/iuexterior.org\/ca\/2018\/04\/02\/pagar-por-trabajar-en-holanda-articulo-de-eduardo-velazquez-gonzalo-gomez-y-cristian-bailen\/\">\u00abPagar por trabajar en Holanda\u00bb, art\u00edculo de Eduardo Vel\u00e1zquez, Gonzalo G\u00f3mez y Cristian Bail\u00e9n<\/a><\/blockquote><iframe loading=\"lazy\" class=\"wp-embedded-content\" sandbox=\"allow-scripts\" security=\"restricted\" style=\"position: absolute; visibility: hidden;\" title=\"\u00ab\u00abPagar por trabajar en Holanda\u00bb, art\u00edculo de Eduardo Vel\u00e1zquez, Gonzalo G\u00f3mez y Cristian Bail\u00e9n\u00bb \u2014 Federaci\u00f3n de Izquierda Unida en el Exterior (IU Exterior)\" src=\"https:\/\/iuexterior.org\/2018\/04\/02\/pagar-por-trabajar-en-holanda-articulo-de-eduardo-velazquez-gonzalo-gomez-y-cristian-bailen\/embed\/#?secret=Nla32GQ5K3#?secret=Z3wKkTEDJp\" data-secret=\"Z3wKkTEDJp\" width=\"600\" height=\"338\" frameborder=\"0\" marginwidth=\"0\" marginheight=\"0\" scrolling=\"no\"><\/iframe>\n<\/div><\/figure>\n\n\n\n<h2 class=\"wp-block-heading\">Sobre IU Exterior<\/h2>\n\n\n\n<p class=\"wp-block-paragraph\">La&nbsp;<strong>Federaci\u00f3n del Exterior de Izquierda Unida <\/strong><a href=\"http:\/\/iuexterior.org\/ca\/2017\/04\/30\/la-federacion-del-exterior-de-iu-nace-para-movilizar-politicamente-a-la-emigracion-espanola\/\">naci\u00f3 en abril de 2017<\/a>&nbsp;para movilizar pol\u00edticamente a la emigraci\u00f3n espa\u00f1ola y darle voz a sus reivindicaciones. Actualmente contamos con asambleas estables en&nbsp;<a rel=\"noreferrer noopener\" href=\"https:\/\/www.facebook.com\/IUBruselas\/\" target=\"_blank\">Bruselas<\/a>, B\u00e9lgica;&nbsp;<a rel=\"noreferrer noopener\" href=\"https:\/\/www.facebook.com\/iuberlin\/\" target=\"_blank\">Berl\u00edn<\/a>&nbsp;y&nbsp;<a rel=\"noreferrer noopener\" href=\"https:\/\/www.facebook.com\/iufrankfurt\/\" target=\"_blank\">Frankfurt<\/a>, en Alemania;&nbsp;<a rel=\"noreferrer noopener\" href=\"https:\/\/www.facebook.com\/IzquierdaUnidaLuxemburgo\/\" target=\"_blank\">Luxemburgo<\/a>;&nbsp;<a rel=\"noreferrer noopener\" href=\"https:\/\/www.facebook.com\/IUZurich\/\" target=\"_blank\">Z\u00farich<\/a>, en Suiza; en&nbsp;<a href=\"https:\/\/www.facebook.com\/izquierdaunidalyon\/\">Lyon<\/a>,&nbsp;<a rel=\"noreferrer noopener\" href=\"https:\/\/www.facebook.com\/IUToulouse\/\" target=\"_blank\">Toulouse<\/a>&nbsp;y&nbsp;<a rel=\"noreferrer noopener\" href=\"https:\/\/www.facebook.com\/iufrancia\/\" target=\"_blank\">Montpellier<\/a>, en Francia; y en&nbsp;<a rel=\"noreferrer noopener\" href=\"https:\/\/www.facebook.com\/iuBuenosAires\/\" target=\"_blank\">Buenos Aires<\/a>, Argentina.<\/p>","protected":false},"excerpt":{"rendered":"<p>Eduardo Vel\u00e1zquez, coportavoz de IU Exterior, se desplazar\u00e1 hasta el campamento de Droomgaard, donde viven y trabajan en precariedad decenas de personas de origen espa\u00f1ol con condiciones laborales cercanas a &hellip;<\/p>","protected":false},"author":2,"featured_media":478,"comment_status":"closed","ping_status":"closed","sticky":false,"template":"","format":"standard","meta":{"wds_primary_category":0,"footnotes":""},"categories":[110,1,8,32,115],"tags":[],"class_list":["post-1133","post","type-post","status-publish","format-standard","has-post-thumbnail","","category-acciones","category-actualidad","category-destacado","category-federacion","category-trabajadoras-desplazadas"],"_links":{"self":[{"href":"http:\/\/iuexterior.org\/ca\/wp-json\/wp\/v2\/posts\/1133","targetHints":{"allow":["GET"]}}],"collection":[{"href":"http:\/\/iuexterior.org\/ca\/wp-json\/wp\/v2\/posts"}],"about":[{"href":"http:\/\/iuexterior.org\/ca\/wp-json\/wp\/v2\/types\/post"}],"author":[{"embeddable":true,"href":"http:\/\/iuexterior.org\/ca\/wp-json\/wp\/v2\/users\/2"}],"replies":[{"embeddable":true,"href":"http:\/\/iuexterior.org\/ca\/wp-json\/wp\/v2\/comments?post=1133"}],"version-history":[{"count":8,"href":"http:\/\/iuexterior.org\/ca\/wp-json\/wp\/v2\/posts\/1133\/revisions"}],"predecessor-version":[{"id":1781,"href":"http:\/\/iuexterior.org\/ca\/wp-json\/wp\/v2\/posts\/1133\/revisions\/1781"}],"wp:featuredmedia":[{"embeddable":true,"href":"http:\/\/iuexterior.org\/ca\/wp-json\/wp\/v2\/media\/478"}],"wp:attachment":[{"href":"http:\/\/iuexterior.org\/ca\/wp-json\/wp\/v2\/media?parent=1133"}],"wp:term":[{"taxonomy":"category","embeddable":true,"href":"http:\/\/iuexterior.org\/ca\/wp-json\/wp\/v2\/categories?post=1133"},{"taxonomy":"post_tag","embeddable":true,"href":"http:\/\/iuexterior.org\/ca\/wp-json\/wp\/v2\/tags?post=1133"}],"curies":[{"name":"wp","href":"https:\/\/api.w.org\/{rel}","templated":true}]}}